{"id":10271,"date":"2018-05-30T09:11:48","date_gmt":"2018-05-30T13:11:48","guid":{"rendered":"http:\/\/www.cinecalidad.to\/espana\/?p=10271"},"modified":"2018-05-30T09:12:14","modified_gmt":"2018-05-30T13:12:14","slug":"el-cuaderno-de-sara-2018-online-descarga","status":"publish","type":"post","link":"https:\/\/www.cinecalidad.rs\/espana\/pelicula\/el-cuaderno-de-sara-2018-online-descarga\/","title":{"rendered":"El cuaderno de Sara (2018)"},"content":{"rendered":"<table border=\"0\" cellspacing=\"0\" cellpadding=\"0\"><tr>\r\n<td style=\"padding-left:0px\"> <img loading=\"lazy\" decoding=\"async\" src=\"\/espana\/wp-content\/uploads\/2018\/05\/el-cuaderno-de-sara.jpg\" alt=\"\" width=\"419\" height=\"600\" class=\"alignnone size-full wp-image-10272\" \/> <\/td>\r\n<td style=\"text-align:justify\">\r\n<p>Laura Alonso, una abogada espa\u00f1ola, viaja al Congo despu\u00e9s de ver una foto de su hermana menor que lleva desaparecida por dos a\u00f1os. Determinada a llegar hasta el final sin conocer el pa\u00eds o el lenguaje, ella se aventura en una de las zonas m\u00e1s problem\u00e1ticas debido a la guerra interna por los recursos naturales.<\/p>\r\n<p>&nbsp;<\/p>\r\n<p><span><strong>T\u00edtulos:<\/strong>El cuaderno de Sara | Sara's Notebook<\/span><\/p>\r\n<div id=\"imdb-box\"><strong>IMDb:<\/strong><div id=\"star-rating-box\"><div class=\"star-ratings-css\">\r\n<div class=\"star-ratings-css-top\" style=\"width: 62%\"><span>\u2605<\/span><span>\u2605<\/span><span>\u2605<\/span><span>\u2605<\/span><span>\u2605<\/span><\/div>\r\n<div class=\"star-ratings-css-bottom\"><span>\u2605<\/span><span>\u2605<\/span><span>\u2605<\/span><span>\u2605<\/span><span>\u2605<\/span><\/div>\r\n<\/div><\/div> \u00a0<a href=\"https:\/\/www.imdb.com\/title\/tt6599742\/\" rel=\"nofollow\" target=\"_blank\" style=\"font-weight:bold\">6.2\/10<\/a> de 451 votos<\/div>\r\n<p><span><strong>G\u00e9nero:<\/strong>Suspenso<\/span><br \/>\r\n<span><strong>Audio:<\/strong>Castellano Espa\u00f1a<\/span><br \/>\r\n<span><strong>Calidad:<\/strong>Full HD Bluray - AVC 2000kbps | AAC 160kbps<\/span><br \/>\r\n<span><strong>Director:<\/strong>Norberto L\u00f3pez Amado<\/span><br \/>\r\n<span><strong>Elenco:<\/strong>Bel\u00e9n Rueda, Marian \u00c1lvarez, Iv\u00e1n Mendes, Manolo Cardona, Nick Devlin, Florin Opritescu, Alfredo Araoz, Armando Jerez, Dj\u00e9dj\u00e9 Apali, Malcolm Sitt\u00e9, Bella Agossou, Ram\u00f3n Barea<\/span><\/p><!--PlaceholderForAds--><\/td>\r\n<\/tr><\/table><div><!--PlaceholderForLinks--><\/div>","protected":false},"excerpt":{"rendered":"<p>Laura Alonso, una abogada espa\u00f1ola, viaja al Congo despu\u00e9s de ver una foto de su hermana menor que lleva desaparecida por dos a\u00f1os. Determinada a llegar hasta el final sin conocer el pa\u00eds o el lenguaje, ella se aventura en una de las zonas m\u00e1s problem\u00e1ticas debido a la guerra interna por los recursos naturales. [&hellip;]<\/p>\n","protected":false},"author":1,"featured_media":10272,"comment_status":"closed","ping_status":"open","sticky":false,"template":"","format":"standard","meta":{"footnotes":""},"categories":[12],"tags":[15056,16369,16370,16375,9320,16365,16373,16371,13534,16366,16372,16367,16374,10593,16368,16364,13484,16376],"class_list":["post-10271","post","type-post","status-publish","format-standard","has-post-thumbnail","hentry","category-suspenso","tag-15056","tag-alfredo-araoz","tag-armando-jerez","tag-astrid-jones","tag-audio-castellano","tag-belen-rueda","tag-bella-agossou","tag-djedje-apali","tag-florin-opritescu","tag-ivan-mendes","tag-malcolm-sitte","tag-manolo-cardona","tag-maria-luisa-mayo","tag-marian-alvarez","tag-nick-devlin","tag-norberto-lopez-amado","tag-ramon-barea","tag-santiago-adan"],"aioseo_notices":[],"_links":{"self":[{"href":"https:\/\/www.cinecalidad.rs\/espana\/wp-json\/wp\/v2\/posts\/10271","targetHints":{"allow":["GET"]}}],"collection":[{"href":"https:\/\/www.cinecalidad.rs\/espana\/wp-json\/wp\/v2\/posts"}],"about":[{"href":"https:\/\/www.cinecalidad.rs\/espana\/wp-json\/wp\/v2\/types\/post"}],"author":[{"embeddable":true,"href":"https:\/\/www.cinecalidad.rs\/espana\/wp-json\/wp\/v2\/users\/1"}],"replies":[{"embeddable":true,"href":"https:\/\/www.cinecalidad.rs\/espana\/wp-json\/wp\/v2\/comments?post=10271"}],"version-history":[{"count":1,"href":"https:\/\/www.cinecalidad.rs\/espana\/wp-json\/wp\/v2\/posts\/10271\/revisions"}],"predecessor-version":[{"id":10274,"href":"https:\/\/www.cinecalidad.rs\/espana\/wp-json\/wp\/v2\/posts\/10271\/revisions\/10274"}],"wp:featuredmedia":[{"embeddable":true,"href":"https:\/\/www.cinecalidad.rs\/espana\/wp-json\/wp\/v2\/media\/10272"}],"wp:attachment":[{"href":"https:\/\/www.cinecalidad.rs\/espana\/wp-json\/wp\/v2\/media?parent=10271"}],"wp:term":[{"taxonomy":"category","embeddable":true,"href":"https:\/\/www.cinecalidad.rs\/espana\/wp-json\/wp\/v2\/categories?post=10271"},{"taxonomy":"post_tag","embeddable":true,"href":"https:\/\/www.cinecalidad.rs\/espana\/wp-json\/wp\/v2\/tags?post=10271"}],"curies":[{"name":"wp","href":"https:\/\/api.w.org\/{rel}","templated":true}]}}