{"id":11136,"date":"2019-03-04T07:54:14","date_gmt":"2019-03-04T11:54:14","guid":{"rendered":"https:\/\/www.cinecalidad.to\/espana\/?p=11136"},"modified":"2019-03-04T07:54:26","modified_gmt":"2019-03-04T11:54:26","slug":"el-fotografo-de-mauthausen-2018-online-descarga","status":"publish","type":"post","link":"https:\/\/www.cinecalidad.rs\/espana\/pelicula\/el-fotografo-de-mauthausen-2018-online-descarga\/","title":{"rendered":"El fot\u00f3grafo de Mauthausen (2018)"},"content":{"rendered":"<table border=\"0\" cellspacing=\"0\" cellpadding=\"0\"><tr>\r\n<td style=\"padding-left:0px\"> <img loading=\"lazy\" decoding=\"async\" src=\"\/espana\/wp-content\/uploads\/2019\/03\/el-fotografo-de-mauthausen.jpg\" alt=\"\" width=\"411\" height=\"600\" class=\"alignnone size-full wp-image-11137\" srcset=\"https:\/\/www.cinecalidad.rs\/espana\/wp-content\/uploads\/2019\/03\/el-fotografo-de-mauthausen.jpg 411w, https:\/\/www.cinecalidad.rs\/espana\/wp-content\/uploads\/2019\/03\/el-fotografo-de-mauthausen-220x320.jpg 220w, https:\/\/www.cinecalidad.rs\/espana\/wp-content\/uploads\/2019\/03\/el-fotografo-de-mauthausen-103x150.jpg 103w\" sizes=\"auto, (max-width: 411px) 100vw, 411px\" \/> <\/td>\r\n<td style=\"text-align:justify\">\r\n<p>Francesc Boix es un prisionero espa\u00f1ol en el campo de concentraci\u00f3n austriaco de Mauthausen que intenta salvar la evidencia de los horrores cometidos dentro de sus muros. Basada en eventos reales.<\/p>\r\n<p>&nbsp;<\/p>\r\n<p><span><strong>T\u00edtulos:<\/strong>El fot\u00f3grafo de Mauthausen | The Photographer of Mauthausen<\/span><\/p>\r\n<div id=\"imdb-box\"><strong>IMDb:<\/strong><div id=\"star-rating-box\"><div class=\"star-ratings-css\">\r\n<div class=\"star-ratings-css-top\" style=\"width: 67%\"><span>\u2605<\/span><span>\u2605<\/span><span>\u2605<\/span><span>\u2605<\/span><span>\u2605<\/span><\/div>\r\n<div class=\"star-ratings-css-bottom\"><span>\u2605<\/span><span>\u2605<\/span><span>\u2605<\/span><span>\u2605<\/span><span>\u2605<\/span><\/div>\r\n<\/div><\/div> \u00a0<a href=\"https:\/\/www.imdb.com\/title\/tt6704776\/\" rel=\"nofollow noopener noreferrer\" target=\"_blank\" style=\"font-weight:bold\">6.7\/10<\/a> de 1,677 votos<\/div>\r\n<p><span><strong>G\u00e9nero:<\/strong>Drama | Biograf\u00eda | Historia<\/span><br \/>\r\n<span><strong>Audio:<\/strong>Castellano Espa\u00f1a<\/span><br \/>\r\n<span><strong>Calidad:<\/strong>Full HD Bluray - AVC 2000kbps | AAC 160kbps<\/span><br \/>\r\n<span><strong>Director:<\/strong>Mar Targarona<\/span><br \/>\r\n<span><strong>Elenco:<\/strong>Mario Casas, Richard van Weyden, Alain Hern\u00e1ndez, Adri\u00e0 Salazar, Eduard Buch, Stefan Weinert, Nikola Stojanovic, Rub\u00e9n Yuste, Frank Feys, Luka Peros, Rainer Reiners<\/span><\/p><!--PlaceholderForAds--><\/td>\r\n<\/tr><\/table><div><!--PlaceholderForLinks--><\/div>","protected":false},"excerpt":{"rendered":"<p>Francesc Boix es un prisionero espa\u00f1ol en el campo de concentraci\u00f3n austriaco de Mauthausen que intenta salvar la evidencia de los horrores cometidos dentro de sus muros. Basada en eventos reales. &nbsp; T\u00edtulos:El fot\u00f3grafo de Mauthausen | The Photographer of Mauthausen IMDb: \u2605\u2605\u2605\u2605\u2605 \u2605\u2605\u2605\u2605\u2605 \u00a06.7\/10 de 1,677 votos G\u00e9nero:Drama | Biograf\u00eda | Historia Audio:Castellano Espa\u00f1a [&hellip;]<\/p>\n","protected":false},"author":1,"featured_media":11137,"comment_status":"closed","ping_status":"open","sticky":false,"template":"","format":"standard","meta":{"footnotes":""},"categories":[15415,69,15504],"tags":[15056,18680,9596,18687,9320,18681,18685,11956,16010,11607,18686,9442,18683,18688,18679,18684,18682,18689],"class_list":["post-11136","post","type-post","status-publish","format-standard","has-post-thumbnail","hentry","category-biografia","category-drama","category-historia","tag-15056","tag-adria-salazar","tag-alain-hernandez","tag-albert-mora","tag-audio-castellano","tag-eduard-buch","tag-frank-feys","tag-joan-negrie","tag-luka-peros","tag-mar-targarona","tag-marc-rodriguez","tag-mario-casas","tag-nikola-stojanovic","tag-rainer-reiners","tag-richard-van-weyden","tag-ruben-yuste","tag-stefan-weinert","tag-toni-gomila"],"aioseo_notices":[],"_links":{"self":[{"href":"https:\/\/www.cinecalidad.rs\/espana\/wp-json\/wp\/v2\/posts\/11136","targetHints":{"allow":["GET"]}}],"collection":[{"href":"https:\/\/www.cinecalidad.rs\/espana\/wp-json\/wp\/v2\/posts"}],"about":[{"href":"https:\/\/www.cinecalidad.rs\/espana\/wp-json\/wp\/v2\/types\/post"}],"author":[{"embeddable":true,"href":"https:\/\/www.cinecalidad.rs\/espana\/wp-json\/wp\/v2\/users\/1"}],"replies":[{"embeddable":true,"href":"https:\/\/www.cinecalidad.rs\/espana\/wp-json\/wp\/v2\/comments?post=11136"}],"version-history":[{"count":1,"href":"https:\/\/www.cinecalidad.rs\/espana\/wp-json\/wp\/v2\/posts\/11136\/revisions"}],"predecessor-version":[{"id":11139,"href":"https:\/\/www.cinecalidad.rs\/espana\/wp-json\/wp\/v2\/posts\/11136\/revisions\/11139"}],"wp:featuredmedia":[{"embeddable":true,"href":"https:\/\/www.cinecalidad.rs\/espana\/wp-json\/wp\/v2\/media\/11137"}],"wp:attachment":[{"href":"https:\/\/www.cinecalidad.rs\/espana\/wp-json\/wp\/v2\/media?parent=11136"}],"wp:term":[{"taxonomy":"category","embeddable":true,"href":"https:\/\/www.cinecalidad.rs\/espana\/wp-json\/wp\/v2\/categories?post=11136"},{"taxonomy":"post_tag","embeddable":true,"href":"https:\/\/www.cinecalidad.rs\/espana\/wp-json\/wp\/v2\/tags?post=11136"}],"curies":[{"name":"wp","href":"https:\/\/api.w.org\/{rel}","templated":true}]}}