{"id":11747,"date":"2019-09-13T12:48:32","date_gmt":"2019-09-13T16:48:32","guid":{"rendered":"https:\/\/www.cinecalidad.is\/espana\/?p=11747"},"modified":"2019-09-13T12:48:32","modified_gmt":"2019-09-13T16:48:32","slug":"un-pueblo-y-su-rey-2018-online-descarga","status":"publish","type":"post","link":"https:\/\/www.cinecalidad.rs\/espana\/pelicula\/un-pueblo-y-su-rey-2018-online-descarga\/","title":{"rendered":"Un pueblo y su rey (2018)"},"content":{"rendered":"<table border=\"0\" cellspacing=\"0\" cellpadding=\"0\"><tr>\r\n<td style=\"padding-left:0px\"> <img loading=\"lazy\" decoding=\"async\" src=\"\/espana\/wp-content\/uploads\/2019\/09\/un-pueblo-y-su-rey.jpg\" alt=\"\" width=\"420\" height=\"600\" class=\"alignnone size-full wp-image-11748\" \/> <\/td>\r\n<td style=\"text-align:justify\">\r\n<p>Los destinos entrelazados de las figuras hist\u00f3ricas, los hombres y las mujeres de la Revoluci\u00f3n Francesa en 1789, cuando se encuentran en la reci\u00e9n establecida Asamblea Nacional.<\/p>\r\n<p>&nbsp;<\/p>\r\n<p><span><strong>T\u00edtulos:<\/strong>Un pueblo y su rey | One Nation, One King | Un peuple et son roi<\/span><\/p>\r\n<div id=\"imdb-box\"><strong>IMDb:<\/strong><div id=\"star-rating-box\"><div class=\"star-ratings-css\">\r\n<div class=\"star-ratings-css-top\" style=\"width: 60%\"><span>\u2605<\/span><span>\u2605<\/span><span>\u2605<\/span><span>\u2605<\/span><span>\u2605<\/span><\/div>\r\n<div class=\"star-ratings-css-bottom\"><span>\u2605<\/span><span>\u2605<\/span><span>\u2605<\/span><span>\u2605<\/span><span>\u2605<\/span><\/div>\r\n<\/div><\/div> \u00a0<a href=\"https:\/\/www.imdb.com\/title\/tt7073522\/\" rel=\"nofollow noopener noreferrer\" target=\"_blank\" style=\"font-weight:bold\">6.0\/10<\/a> de 678 votos<\/div>\r\n<p><span><strong>G\u00e9nero:<\/strong>Drama | Historia<\/span><br \/>\r\n<span><strong>Audio:<\/strong>Castellano Espa\u00f1a y Franc\u00e9s subtitulada<\/span><br \/>\r\n<span><strong>Calidad:<\/strong>Full HD Bluray - AVC 2000kbps | AAC 160kbps<\/span><br \/>\r\n<span><strong>Director:<\/strong>Pierre Schoeller<\/span><br \/>\r\n<span><strong>Elenco:<\/strong>Gaspard Ulliel, Ad\u00e8le Haenel, Olivier Gourmet, Louis Garrel, Iz\u00efa Higelin, No\u00e9mie Lvovsky, C\u00e9line Sallette, Denis Lavant, Johan Lib\u00e9reau, Andrzej Chyra, Julia Artamonov<\/span><\/p><!--PlaceholderForAds--><\/td>\r\n<\/tr><\/table><div><!--PlaceholderForLinks--><\/div>","protected":false},"excerpt":{"rendered":"<p>Los destinos entrelazados de las figuras hist\u00f3ricas, los hombres y las mujeres de la Revoluci\u00f3n Francesa en 1789, cuando se encuentran en la reci\u00e9n establecida Asamblea Nacional. &nbsp; T\u00edtulos:Un pueblo y su rey | One Nation, One King | Un peuple et son roi IMDb: \u2605\u2605\u2605\u2605\u2605 \u2605\u2605\u2605\u2605\u2605 \u00a06.0\/10 de 678 votos G\u00e9nero:Drama | Historia Audio:Castellano [&hellip;]<\/p>\n","protected":false},"author":1,"featured_media":11748,"comment_status":"closed","ping_status":"open","sticky":false,"template":"","format":"standard","meta":{"footnotes":""},"categories":[69,15504],"tags":[15056,13273,20166,9320,14312,20164,20160,20162,20165,20167,11910,20161,20169,17577,20163,13279,20159,20168],"class_list":["post-11747","post","type-post","status-publish","format-standard","has-post-thumbnail","hentry","category-drama","category-historia","tag-15056","tag-adele-haenel","tag-andrzej-chyra","tag-audio-castellano","tag-celine-sallette","tag-denis-lavant","tag-gaspard-ulliel","tag-izia-higelin","tag-johan-libereau","tag-julia-artamonov","tag-laurent-lafitte","tag-louis-garrel","tag-louis-do-de-lencquesaing","tag-niels-schneider","tag-noemie-lvovsky","tag-olivier-gourmet","tag-pierre-schoeller","tag-stephane-de-groodt"],"aioseo_notices":[],"_links":{"self":[{"href":"https:\/\/www.cinecalidad.rs\/espana\/wp-json\/wp\/v2\/posts\/11747","targetHints":{"allow":["GET"]}}],"collection":[{"href":"https:\/\/www.cinecalidad.rs\/espana\/wp-json\/wp\/v2\/posts"}],"about":[{"href":"https:\/\/www.cinecalidad.rs\/espana\/wp-json\/wp\/v2\/types\/post"}],"author":[{"embeddable":true,"href":"https:\/\/www.cinecalidad.rs\/espana\/wp-json\/wp\/v2\/users\/1"}],"replies":[{"embeddable":true,"href":"https:\/\/www.cinecalidad.rs\/espana\/wp-json\/wp\/v2\/comments?post=11747"}],"version-history":[{"count":1,"href":"https:\/\/www.cinecalidad.rs\/espana\/wp-json\/wp\/v2\/posts\/11747\/revisions"}],"predecessor-version":[{"id":11749,"href":"https:\/\/www.cinecalidad.rs\/espana\/wp-json\/wp\/v2\/posts\/11747\/revisions\/11749"}],"wp:featuredmedia":[{"embeddable":true,"href":"https:\/\/www.cinecalidad.rs\/espana\/wp-json\/wp\/v2\/media\/11748"}],"wp:attachment":[{"href":"https:\/\/www.cinecalidad.rs\/espana\/wp-json\/wp\/v2\/media?parent=11747"}],"wp:term":[{"taxonomy":"category","embeddable":true,"href":"https:\/\/www.cinecalidad.rs\/espana\/wp-json\/wp\/v2\/categories?post=11747"},{"taxonomy":"post_tag","embeddable":true,"href":"https:\/\/www.cinecalidad.rs\/espana\/wp-json\/wp\/v2\/tags?post=11747"}],"curies":[{"name":"wp","href":"https:\/\/api.w.org\/{rel}","templated":true}]}}