{"id":12154,"date":"2020-03-07T15:13:23","date_gmt":"2020-03-07T19:13:23","guid":{"rendered":"https:\/\/www.cinecalidad.is\/espana\/?p=12154"},"modified":"2020-03-07T15:13:23","modified_gmt":"2020-03-07T19:13:23","slug":"mientras-dure-la-guerra-2019-online-descarga","status":"publish","type":"post","link":"https:\/\/www.cinecalidad.rs\/espana\/pelicula\/mientras-dure-la-guerra-2019-online-descarga\/","title":{"rendered":"Mientras dure la guerra (2019)"},"content":{"rendered":"<table border=\"0\" cellspacing=\"0\" cellpadding=\"0\"><tr>\r\n<td style=\"padding-left:0px\"> <img loading=\"lazy\" decoding=\"async\" src=\"\/espana\/wp-content\/uploads\/2020\/03\/mientras-dure-la-guerra.jpg\" alt=\"\" width=\"420\" height=\"600\" class=\"alignnone size-full wp-image-12155\" \/> <\/td>\r\n<td style=\"text-align:justify\">\r\n<p>El ej\u00e9rcito espa\u00f1ol declara en Salamanca en 1936 el estado de guerra. El escritor Miguel de Unamuno se enfrenta consigo mismo y sus ideales despu\u00e9s del golpe militar de ese a\u00f1o.<\/p>\r\n<p>&nbsp;<\/p>\r\n<p><span><strong>T\u00edtulos:<\/strong>Mientras dure la guerra | While at War<\/span><\/p>\r\n<div id=\"imdb-box\"><strong>IMDb:<\/strong><div id=\"star-rating-box\"><div class=\"star-ratings-css\">\r\n<div class=\"star-ratings-css-top\" style=\"width: 71%\"><span>\u2605<\/span><span>\u2605<\/span><span>\u2605<\/span><span>\u2605<\/span><span>\u2605<\/span><\/div>\r\n<div class=\"star-ratings-css-bottom\"><span>\u2605<\/span><span>\u2605<\/span><span>\u2605<\/span><span>\u2605<\/span><span>\u2605<\/span><\/div>\r\n<\/div><\/div> \u00a0<a href=\"https:\/\/www.imdb.com\/title\/tt7818580\/\" rel=\"nofollow noopener noreferrer\" target=\"_blank\" style=\"font-weight:bold\">7.1\/10<\/a> de 3,090 votos<\/div>\r\n<p><span><strong>G\u00e9nero:<\/strong>Drama | Historia | Guerra<\/span><br \/>\r\n<span><strong>Audio:<\/strong>Castellano Espa\u00f1a e Ingl\u00e9s subtitulada<\/span><br \/>\r\n<span><strong>Calidad:<\/strong>Full HD Bluray - AVC 2000kbps | AAC 160kbps<\/span><br \/>\r\n<span><strong>Director:<\/strong>Alejandro Amen\u00e1bar<\/span><br \/>\r\n<span><strong>Elenco:<\/strong>Karra Elejalde, Eduard Fern\u00e1ndez, Santi Prego, Nathalie Poza, Luis Bermejo, Tito Valverde, Patricia L\u00f3pez Arnaiz, Inma Cuevas, Carlos Serrano-Clark, Luis Zahera<\/span><\/p><!--PlaceholderForAds--><\/td>\r\n<\/tr><\/table><div><!--PlaceholderForLinks--><\/div>","protected":false},"excerpt":{"rendered":"<p>El ej\u00e9rcito espa\u00f1ol declara en Salamanca en 1936 el estado de guerra. El escritor Miguel de Unamuno se enfrenta consigo mismo y sus ideales despu\u00e9s del golpe militar de ese a\u00f1o. &nbsp; T\u00edtulos:Mientras dure la guerra | While at War IMDb: \u2605\u2605\u2605\u2605\u2605 \u2605\u2605\u2605\u2605\u2605 \u00a07.1\/10 de 3,090 votos G\u00e9nero:Drama | Historia | Guerra Audio:Castellano Espa\u00f1a e [&hellip;]<\/p>\n","protected":false},"author":1,"featured_media":12155,"comment_status":"closed","ping_status":"open","sticky":false,"template":"","format":"standard","meta":{"footnotes":""},"categories":[69,15997,15504],"tags":[18357,21018,21012,9320,21017,21020,11838,21016,21021,9586,16796,9447,12362,21019,12322,21015,21013,21014],"class_list":["post-12154","post","type-post","status-publish","format-standard","has-post-thumbnail","hentry","category-drama","category-guerra","category-historia","tag-18357","tag-ainhoa-santamaria","tag-alejandro-amenabar","tag-audio-castellano","tag-carlos-serrano-clark","tag-dafnis-balduz","tag-eduard-fernandez","tag-inma-cuevas","tag-jorge-andreu","tag-karra-elejalde","tag-luis-bermejo","tag-luis-callejo","tag-luis-zahera","tag-mireia-rey","tag-nathalie-poza","tag-patricia-lopez-arnaiz","tag-santi-prego","tag-tito-valverde"],"aioseo_notices":[],"_links":{"self":[{"href":"https:\/\/www.cinecalidad.rs\/espana\/wp-json\/wp\/v2\/posts\/12154","targetHints":{"allow":["GET"]}}],"collection":[{"href":"https:\/\/www.cinecalidad.rs\/espana\/wp-json\/wp\/v2\/posts"}],"about":[{"href":"https:\/\/www.cinecalidad.rs\/espana\/wp-json\/wp\/v2\/types\/post"}],"author":[{"embeddable":true,"href":"https:\/\/www.cinecalidad.rs\/espana\/wp-json\/wp\/v2\/users\/1"}],"replies":[{"embeddable":true,"href":"https:\/\/www.cinecalidad.rs\/espana\/wp-json\/wp\/v2\/comments?post=12154"}],"version-history":[{"count":1,"href":"https:\/\/www.cinecalidad.rs\/espana\/wp-json\/wp\/v2\/posts\/12154\/revisions"}],"predecessor-version":[{"id":12156,"href":"https:\/\/www.cinecalidad.rs\/espana\/wp-json\/wp\/v2\/posts\/12154\/revisions\/12156"}],"wp:featuredmedia":[{"embeddable":true,"href":"https:\/\/www.cinecalidad.rs\/espana\/wp-json\/wp\/v2\/media\/12155"}],"wp:attachment":[{"href":"https:\/\/www.cinecalidad.rs\/espana\/wp-json\/wp\/v2\/media?parent=12154"}],"wp:term":[{"taxonomy":"category","embeddable":true,"href":"https:\/\/www.cinecalidad.rs\/espana\/wp-json\/wp\/v2\/categories?post=12154"},{"taxonomy":"post_tag","embeddable":true,"href":"https:\/\/www.cinecalidad.rs\/espana\/wp-json\/wp\/v2\/tags?post=12154"}],"curies":[{"name":"wp","href":"https:\/\/api.w.org\/{rel}","templated":true}]}}