{"id":12466,"date":"2020-05-31T10:25:54","date_gmt":"2020-05-31T14:25:54","guid":{"rendered":"https:\/\/www.cinecalidad.is\/espana\/?p=12466"},"modified":"2020-05-31T10:29:25","modified_gmt":"2020-05-31T14:29:25","slug":"el-oficial-y-el-espia-2019-online-descarga","status":"publish","type":"post","link":"https:\/\/www.cinecalidad.rs\/espana\/pelicula\/el-oficial-y-el-espia-2019-online-descarga\/","title":{"rendered":"El oficial y el esp\u00eda (2019)"},"content":{"rendered":"<table border=\"0\" cellspacing=\"0\" cellpadding=\"0\"><tr>\r\n<td style=\"padding-left:0px\"> <img loading=\"lazy\" decoding=\"async\" src=\"\/espana\/wp-content\/uploads\/2020\/05\/el-oficial-y-el-espia.jpg\" alt=\"\" width=\"420\" height=\"600\" class=\"alignnone size-full wp-image-12467\" \/> <\/td>\r\n<td style=\"text-align:justify\">\r\n<p>En 1894, el capit\u00e1n franc\u00e9s Alfred Dreyfus es err\u00f3neamente acusado de traici\u00f3n y sentenciado a una vida de prisi\u00f3n en la temida Devil's island. Tiempo despu\u00e9s el oficial  Georges Picquart descubre que se usaron pruebas falsas para condenar a Dreyfus.<\/p>\r\n<p>&nbsp;<\/p>\r\n<p><span><strong>T\u00edtulos:<\/strong>El oficial y el esp\u00eda | El acusado y el esp\u00eda | An Officer and a Spy | J'accuse<\/span><\/p>\r\n<div id=\"imdb-box\"><strong>IMDb:<\/strong><div id=\"star-rating-box\"><div class=\"star-ratings-css\">\r\n<div class=\"star-ratings-css-top\" style=\"width: 72%\"><span>\u2605<\/span><span>\u2605<\/span><span>\u2605<\/span><span>\u2605<\/span><span>\u2605<\/span><\/div>\r\n<div class=\"star-ratings-css-bottom\"><span>\u2605<\/span><span>\u2605<\/span><span>\u2605<\/span><span>\u2605<\/span><span>\u2605<\/span><\/div>\r\n<\/div><\/div> \u00a0<a href=\"https:\/\/www.imdb.com\/title\/tt2398149\/\" rel=\"nofollow noopener noreferrer\" target=\"_blank\" style=\"font-weight:bold\">7.2\/10<\/a> de 8,049 votos<\/div>\r\n<p><span><strong>G\u00e9nero:<\/strong>Drama | Historia | Suspenso<\/span><br \/>\r\n<span><strong>Audio:<\/strong>Castellano Espa\u00f1a y Franc\u00e9s subtitulada<\/span><br \/>\r\n<span><strong>Calidad:<\/strong>Full HD Bluray - AVC 2000kbps | AAC 160kbps<\/span><br \/>\r\n<span><strong>Director:<\/strong>Roman Polanski<\/span><br \/>\r\n<span><strong>Elenco:<\/strong>Jean Dujardin, Louis Garrel, Emmanuelle Seigner, Gr\u00e9gory Gadebois, Herv\u00e9 Pierre, Wladimir Yordanoff, Didier Sandre, Melvil Poupaud, Eric Ruf, Mathieu Amalric<\/span><\/p><!--PlaceholderForAds--><\/td>\r\n<\/tr><\/table><div><!--PlaceholderForLinks--><\/div>","protected":false},"excerpt":{"rendered":"<p>En 1894, el capit\u00e1n franc\u00e9s Alfred Dreyfus es err\u00f3neamente acusado de traici\u00f3n y sentenciado a una vida de prisi\u00f3n en la temida Devil's island. Tiempo despu\u00e9s el oficial Georges Picquart descubre que se usaron pruebas falsas para condenar a Dreyfus. &nbsp; T\u00edtulos:El oficial y el esp\u00eda | El acusado y el esp\u00eda | An Officer [&hellip;]<\/p>\n","protected":false},"author":1,"featured_media":12467,"comment_status":"closed","ping_status":"open","sticky":false,"template":"","format":"standard","meta":{"footnotes":""},"categories":[69,15504,12],"tags":[18357,9320,21695,21691,11171,21692,21688,21689,21687,21693,20161,19571,10192,13152,21686,21694,19572,21690],"class_list":["post-12466","post","type-post","status-publish","format-standard","has-post-thumbnail","hentry","category-drama","category-historia","category-suspenso","tag-18357","tag-audio-castellano","tag-denis-podalydes","tag-didier-sandre","tag-emmanuelle-seigner","tag-eric-ruf","tag-gregory-gadebois","tag-herve-pierre","tag-jean-dujardin","tag-laurent-stocker","tag-louis-garrel","tag-mathieu-amalric","tag-melvil-poupaud","tag-michel-vuillermoz","tag-roman-polanski","tag-vincent-grass","tag-vincent-perez","tag-wladimir-yordanoff"],"aioseo_notices":[],"_links":{"self":[{"href":"https:\/\/www.cinecalidad.rs\/espana\/wp-json\/wp\/v2\/posts\/12466","targetHints":{"allow":["GET"]}}],"collection":[{"href":"https:\/\/www.cinecalidad.rs\/espana\/wp-json\/wp\/v2\/posts"}],"about":[{"href":"https:\/\/www.cinecalidad.rs\/espana\/wp-json\/wp\/v2\/types\/post"}],"author":[{"embeddable":true,"href":"https:\/\/www.cinecalidad.rs\/espana\/wp-json\/wp\/v2\/users\/1"}],"replies":[{"embeddable":true,"href":"https:\/\/www.cinecalidad.rs\/espana\/wp-json\/wp\/v2\/comments?post=12466"}],"version-history":[{"count":1,"href":"https:\/\/www.cinecalidad.rs\/espana\/wp-json\/wp\/v2\/posts\/12466\/revisions"}],"predecessor-version":[{"id":12470,"href":"https:\/\/www.cinecalidad.rs\/espana\/wp-json\/wp\/v2\/posts\/12466\/revisions\/12470"}],"wp:featuredmedia":[{"embeddable":true,"href":"https:\/\/www.cinecalidad.rs\/espana\/wp-json\/wp\/v2\/media\/12467"}],"wp:attachment":[{"href":"https:\/\/www.cinecalidad.rs\/espana\/wp-json\/wp\/v2\/media?parent=12466"}],"wp:term":[{"taxonomy":"category","embeddable":true,"href":"https:\/\/www.cinecalidad.rs\/espana\/wp-json\/wp\/v2\/categories?post=12466"},{"taxonomy":"post_tag","embeddable":true,"href":"https:\/\/www.cinecalidad.rs\/espana\/wp-json\/wp\/v2\/tags?post=12466"}],"curies":[{"name":"wp","href":"https:\/\/api.w.org\/{rel}","templated":true}]}}