{"id":8102,"date":"2016-04-26T17:40:23","date_gmt":"2016-04-26T21:40:23","guid":{"rendered":"http:\/\/www.cinecalidad.com\/espana\/?p=8102"},"modified":"2016-04-26T17:40:23","modified_gmt":"2016-04-26T21:40:23","slug":"exorcismo-en-el-vaticano-online-descarga","status":"publish","type":"post","link":"https:\/\/www.cinecalidad.rs\/espana\/pelicula\/exorcismo-en-el-vaticano-online-descarga\/","title":{"rendered":"Exorcismo en el Vaticano (2015)"},"content":{"rendered":"<table width=\"960\" border=\"0\" cellspacing=\"0\" cellpadding=\"0\">\r\n  <tr>\r\n    <td style=\"padding-left:0px\"> <img loading=\"lazy\" decoding=\"async\" src=\"\/espana\/wp-content\/uploads\/2016\/04\/exorcismo-en-el-vaticano.jpg\" alt=\"exorcismo-en-el-vaticano\" width=\"420\" height=\"600\" class=\"alignnone size-full wp-image-8103\" \/> <\/td>\r\n    <td style=\"text-align:justify\">\r\n    <p>Angela es una joven com\u00fan hasta que comienza a tener un efecto devastador sobre cualquiera que est\u00e9 cerca a ella, causando heridas y muertes. As\u00ed que un cura y dos exorcistas del Vaticano son llamados, y ahora deben luchar con una antigua fuerza sat\u00e1nica, m\u00e1s poderosa de lo esperado, para salvar el alma de la joven.<\/p>\r\n<p>&nbsp;<\/p><p>\r\n<span><strong>T\u00edtulos: <\/strong>Exorcismo en el Vaticano | <a href=\"\/pelicula\/exorcismo-een-eel-vaticano-onlinee-descarga\/\" id=\"linklatino\"><span>Exorcismo en el Vaticano<\/span> (latino)<\/a> | The Vatican Tapes<\/span><br \/>\r\n<span><strong>G\u00e9neros: <\/strong>Terror | Suspenso<\/span><br \/>\r\n<span><strong> Audio: <\/strong>Castellano Espa\u00f1a e Ingl\u00e9s subtitulada<\/span><br \/>\r\n<span><strong> Calidad: <\/strong>Full HD Bluray - Video H.264 1900kbps | Audio AAC 160kbps<\/span><\/p>\r\n<div id=\"imdb-box\"><strong>IMDb: <\/strong> <div id=\"star-rating-box\"><div class=\"star-ratings-css\">\r\n\t<div class=\"star-ratings-css-top\" style=\"width: 45%\"><span>\u2605<\/span><span>\u2605<\/span><span>\u2605<\/span><span>\u2605<\/span><span>\u2605<\/span><\/div>\r\n\t<div class=\"star-ratings-css-bottom\"><span>\u2605<\/span><span>\u2605<\/span><span>\u2605<\/span><span>\u2605<\/span><span>\u2605<\/span><\/div>\r\n<\/div><\/div>  <a href=\"http:\/\/www.imdb.com\/title\/tt1524575\/\" rel=\"nofollow\" target=\"_blank\" style=\"font-weight:bold\">4.5\/10<\/a> de 6,255 votos<\/div>\r\n<p><span><strong>Director: <\/strong>Mark Neveldine<\/span><br \/>\r\n<span><strong>Elenco: <\/strong>Olivia Taylor Dudley, Michael Pe\u00f1a, Kathleen Robertson, Alison Lohman, Djimon Hounsou, Dougray Scott, John Patrick Amedori, Michael Par\u00e9, Daniel Bernhardt, Max Adams, Cas Anvar, Tehmina Sunny, Peter Andersson, Bruno Gunn, Michelle Jubilee Gonzalez<\/span><\/p><\/td>\r\n  <\/tr>\r\n<\/table>\r\n<div >\r\n<iframe loading=\"lazy\" id=\"post_iframe\" width=\"960\" height=\"630\" src=\"\/ver.php?v=5&t=JxTGTH6i0l4&onutb=iku6chmqgnbr&onuc=iq0mvlhmk7m7&onpc=XZB0HYZfxbXtL6yqkulOnHaLVVl8YVBvnFV|34&ontv=rcnbosd80rwz&ddtb=p29w1z4amy72&prme=4aeg&ddut=q55hxpuh&ddmf=pj1a14vp3an2u71&sub=the.vatican.tapes.2015.zip&subfor=the.vatican.tapes.2015.srt\" scrolling=\"no\" frameborder=\"0\"><\/iframe>\r\n<strong> <\/strong><\/div>\r\n","protected":false},"excerpt":{"rendered":"<p>Angela es una joven com\u00fan hasta que comienza a tener un efecto devastador sobre cualquiera que est\u00e9 cerca a ella, causando heridas y muertes. As\u00ed que un cura y dos exorcistas del Vaticano son llamados, y ahora deben luchar con una antigua fuerza sat\u00e1nica, m\u00e1s poderosa de lo esperado, para salvar el alma de la [&hellip;]<\/p>\n","protected":false},"author":1,"featured_media":8103,"comment_status":"open","ping_status":"open","sticky":false,"template":"","format":"standard","meta":{"footnotes":""},"categories":[12,52],"tags":[9303,9910,9320,9920,9917,9915,9911,9912,9913,9909,9907,9916,9914,9309,9921,9908,9919,9918],"class_list":["post-8102","post","type-post","status-publish","format-standard","has-post-thumbnail","hentry","category-suspenso","category-terror","tag-9303","tag-alison-lohman","tag-audio-castellano","tag-bruno-gunn","tag-cas-anvar","tag-daniel-bernhardt","tag-djimon-hounsou","tag-dougray-scott","tag-john-patrick-amedori","tag-kathleen-robertson","tag-mark-neveldine","tag-max-adams","tag-michael-pare","tag-michael-pena","tag-michelle-jubilee-gonzalez","tag-olivia-taylor-dudley","tag-peter-andersson","tag-tehmina-sunny"],"aioseo_notices":[],"_links":{"self":[{"href":"https:\/\/www.cinecalidad.rs\/espana\/wp-json\/wp\/v2\/posts\/8102","targetHints":{"allow":["GET"]}}],"collection":[{"href":"https:\/\/www.cinecalidad.rs\/espana\/wp-json\/wp\/v2\/posts"}],"about":[{"href":"https:\/\/www.cinecalidad.rs\/espana\/wp-json\/wp\/v2\/types\/post"}],"author":[{"embeddable":true,"href":"https:\/\/www.cinecalidad.rs\/espana\/wp-json\/wp\/v2\/users\/1"}],"replies":[{"embeddable":true,"href":"https:\/\/www.cinecalidad.rs\/espana\/wp-json\/wp\/v2\/comments?post=8102"}],"version-history":[{"count":1,"href":"https:\/\/www.cinecalidad.rs\/espana\/wp-json\/wp\/v2\/posts\/8102\/revisions"}],"predecessor-version":[{"id":8104,"href":"https:\/\/www.cinecalidad.rs\/espana\/wp-json\/wp\/v2\/posts\/8102\/revisions\/8104"}],"wp:featuredmedia":[{"embeddable":true,"href":"https:\/\/www.cinecalidad.rs\/espana\/wp-json\/wp\/v2\/media\/8103"}],"wp:attachment":[{"href":"https:\/\/www.cinecalidad.rs\/espana\/wp-json\/wp\/v2\/media?parent=8102"}],"wp:term":[{"taxonomy":"category","embeddable":true,"href":"https:\/\/www.cinecalidad.rs\/espana\/wp-json\/wp\/v2\/categories?post=8102"},{"taxonomy":"post_tag","embeddable":true,"href":"https:\/\/www.cinecalidad.rs\/espana\/wp-json\/wp\/v2\/tags?post=8102"}],"curies":[{"name":"wp","href":"https:\/\/api.w.org\/{rel}","templated":true}]}}