{"id":8992,"date":"2017-04-09T12:02:41","date_gmt":"2017-04-09T16:02:41","guid":{"rendered":"http:\/\/www.cinecalidad.to\/espana\/?p=8992"},"modified":"2017-04-26T17:58:01","modified_gmt":"2017-04-26T21:58:01","slug":"el-faro-de-las-orcas-online-descarga","status":"publish","type":"post","link":"https:\/\/www.cinecalidad.rs\/espana\/pelicula\/el-faro-de-las-orcas-online-descarga\/","title":{"rendered":"El faro de las orcas (2016)"},"content":{"rendered":"<table width=\"960\" border=\"0\" cellspacing=\"0\" cellpadding=\"0\">\r\n  <tr>\r\n    <td style=\"padding-left:0px\"> <img loading=\"lazy\" decoding=\"async\" src=\"\/espana\/wp-content\/uploads\/2017\/04\/el-faro-de-las-orcas.jpg\" alt=\"\" width=\"420\" height=\"600\" class=\"alignnone size-full wp-image-8993\" \/> <\/td>\r\n    <td style=\"text-align:justify\">\r\n    <p>Una madre con un ni\u00f1o que sufre de autismo viaja de Espa\u00f1a a un Parque Nacional en Argentina con la esperanza de que las orcas, leones marinos y la naturaleza puedan ser una soluci\u00f3n para la enfermedad que tiene su hijo.<\/p>\r\n<p>&nbsp;<\/p><p>\r\n<span><strong>T\u00edtulos: <\/strong>El faro de las orcas | The Lighthouse of the Whales<\/span><br \/>\r\n<span><strong>G\u00e9neros: <\/strong>Drama | Romance<\/span><br \/>\r\n<span><strong> Audio: <\/strong>Latino (Argentina) y Espa\u00f1ol (Espa\u00f1a)<\/span><br \/>\r\n<span><strong> Calidad: <\/strong>Full HD Bluray - Video H.264 1900kbps | Audio AAC 160kbps<\/span><\/p>\r\n<div id=\"imdb-box\"><strong>IMDb: <\/strong> <div id=\"star-rating-box\"><div class=\"star-ratings-css\">\r\n\t<div class=\"star-ratings-css-top\" style=\"width: 74%\"><span>\u2605<\/span><span>\u2605<\/span><span>\u2605<\/span><span>\u2605<\/span><span>\u2605<\/span><\/div>\r\n\t<div class=\"star-ratings-css-bottom\"><span>\u2605<\/span><span>\u2605<\/span><span>\u2605<\/span><span>\u2605<\/span><span>\u2605<\/span><\/div>\r\n<\/div><\/div>  <a href=\"http:\/\/www.imdb.com\/title\/tt4944658\/\" rel=\"nofollow\" target=\"_blank\" style=\"font-weight:bold\">7.4\/10<\/a> de 71 votos<\/div>\r\n<p><span><strong>Director: <\/strong>Gerardo Olivares<\/span><br \/>\r\n<span><strong>Elenco: <\/strong>Maribel Verd\u00fa, Joaqu\u00edn Furriel, Joaqu\u00edn Rapalini, Ana Celentano, Ciro Mir\u00f3, Osvaldo Santoro, Federico Barga, Zoe Hochbaum, Alan Juan Pablo Moya, Juan Antonio S\u00e1nchez, Eduardo 'Cami\u00f3n' Dom\u00ednguez, Roberto Bubas, Isidoro del Carmen, Errol Kenny Hughes, Maria A. Abraham<\/span><\/p><\/td>\r\n  <\/tr>\r\n<\/table>\r\n<div >\r\n<iframe loading=\"lazy\" id=\"post_iframe\" width=\"960\" height=\"630\" src=\"\/ver.php?v=5&t=tpbpvr_1xIk&onyu=WHpKefBbG5PM&onol=ZJcHEG0a8nQ&ontvm=v1sv616kn93r&prme=pxzx&ddmf=gw1u6wle9k2fn7g&prbt=o2ki&ongd=0B0Vam1tsZQ8gMndiYW90ckZlV0k\" scrolling=\"no\" frameborder=\"0\"><\/iframe>\r\n<strong> <\/strong><\/div>\r\n","protected":false},"excerpt":{"rendered":"<p>Una madre con un ni\u00f1o que sufre de autismo viaja de Espa\u00f1a a un Parque Nacional en Argentina con la esperanza de que las orcas, leones marinos y la naturaleza puedan ser una soluci\u00f3n para la enfermedad que tiene su hijo. &nbsp; T\u00edtulos: El faro de las orcas | The Lighthouse of the Whales G\u00e9neros: [&hellip;]<\/p>\n","protected":false},"author":1,"featured_media":8993,"comment_status":"open","ping_status":"open","sticky":false,"template":"","format":"standard","meta":{"footnotes":""},"categories":[69,190],"tags":[9423,12442,12437,9320,12438,12444,12447,12440,12434,12446,10591,12436,12443,12448,12435,12439,12445,12441],"class_list":["post-8992","post","type-post","status-publish","format-standard","has-post-thumbnail","hentry","category-drama","category-romance","tag-9423","tag-alan-juan-pablo-moya","tag-ana-celentano","tag-audio-castellano","tag-ciro-miro","tag-eduardo-camion-dominguez","tag-errol-kenny-hughes","tag-federico-barga","tag-gerardo-olivares","tag-isidoro-del-carmen","tag-joaquin-furriel","tag-joaquin-rapalini","tag-juan-antonio-sanchez","tag-maria-a-abraham","tag-maribel-verdu","tag-osvaldo-santoro","tag-roberto-bubas","tag-zoe-hochbaum"],"aioseo_notices":[],"_links":{"self":[{"href":"https:\/\/www.cinecalidad.rs\/espana\/wp-json\/wp\/v2\/posts\/8992","targetHints":{"allow":["GET"]}}],"collection":[{"href":"https:\/\/www.cinecalidad.rs\/espana\/wp-json\/wp\/v2\/posts"}],"about":[{"href":"https:\/\/www.cinecalidad.rs\/espana\/wp-json\/wp\/v2\/types\/post"}],"author":[{"embeddable":true,"href":"https:\/\/www.cinecalidad.rs\/espana\/wp-json\/wp\/v2\/users\/1"}],"replies":[{"embeddable":true,"href":"https:\/\/www.cinecalidad.rs\/espana\/wp-json\/wp\/v2\/comments?post=8992"}],"version-history":[{"count":1,"href":"https:\/\/www.cinecalidad.rs\/espana\/wp-json\/wp\/v2\/posts\/8992\/revisions"}],"predecessor-version":[{"id":9048,"href":"https:\/\/www.cinecalidad.rs\/espana\/wp-json\/wp\/v2\/posts\/8992\/revisions\/9048"}],"wp:featuredmedia":[{"embeddable":true,"href":"https:\/\/www.cinecalidad.rs\/espana\/wp-json\/wp\/v2\/media\/8993"}],"wp:attachment":[{"href":"https:\/\/www.cinecalidad.rs\/espana\/wp-json\/wp\/v2\/media?parent=8992"}],"wp:term":[{"taxonomy":"category","embeddable":true,"href":"https:\/\/www.cinecalidad.rs\/espana\/wp-json\/wp\/v2\/categories?post=8992"},{"taxonomy":"post_tag","embeddable":true,"href":"https:\/\/www.cinecalidad.rs\/espana\/wp-json\/wp\/v2\/tags?post=8992"}],"curies":[{"name":"wp","href":"https:\/\/api.w.org\/{rel}","templated":true}]}}